{"id":8333,"date":"2020-07-06T07:03:00","date_gmt":"2020-07-06T07:03:00","guid":{"rendered":"http:\/\/www.grandkrust.com\/?p=8333"},"modified":"2020-07-06T07:09:26","modified_gmt":"2020-07-06T07:09:26","slug":"elias-suarez-garmendia-new-chairman-grupo-amasua-y-krustagroup","status":"publish","type":"post","link":"https:\/\/www.grandkrust.com\/en\/elias-suarez-garmendia-new-chairman-grupo-amasua-y-krustagroup","title":{"rendered":"El\u00edas Su\u00e1rez Garmendia, new Chairman of Grupo Amasua S.A. and Krustagroup S.A.U."},"content":{"rendered":"<p>The companies<strong> Grupo Amasua S.A<\/strong>. and <strong>Krustagroup S.A.U.<\/strong> have altered the composition of their respective Boards of Directors, appointing <strong>El\u00edas Su\u00e1rez Garmendia as Chairman.<\/strong> These changes confirm the continuity of management for this group of companies, as agreed by the share capital holders after the death of the previous Chairman and founder, <strong>Amador Su\u00e1rez Villa.<\/strong><\/p>\n<figure id=\"attachment_8325\" aria-describedby=\"caption-attachment-8325\" style=\"width: 500px\" class=\"wp-caption aligncenter\"><img loading=\"lazy\" decoding=\"async\" class=\"wp-image-8325\" src=\"https:\/\/www.grandkrust.com\/wp-content\/uploads\/2020\/07\/20190508_113843_2-e1593882764178-780x720.jpeg\" alt=\"El\u00edas Su\u00e1rez Garmendia at the 2019 Global Seafood Expo\" width=\"500\" height=\"315\" \/><figcaption id=\"caption-attachment-8325\" class=\"wp-caption-text\">El\u00edas Su\u00e1rez Garmendia at the 2019 Global Seafood Expo<\/figcaption><\/figure>\n<p>The new Chairman holds the position of CEO at Krustagroup S.A.U. with executive functions in all corporate and business areas, supported by a close team of collaborators that includes Juan Antonio Lizarribar Sans as CFO and Head of Administration, I\u00f1aki Echeverr\u00eda Mendiz\u00e1bal, Felipe Tur\u00e9gano Larrey and David Espa\u00f1a as Sales Managers, and Manuel Pascual Su\u00e1rez as Production Manager.<\/p>\n<p>El\u00edas Su\u00e1rez Garmendia is a third-generation member of the family that founded this corporate group, the inception of which dates back to 1966. He holds a Law degree from the Universidad Complutense de Madrid and a master\u2019s in Corporate Legal Counsel from the Instituto de Empresa. He joined Grupo Amasua in 1997, first as Legal Counsel, becoming General Manager in 2003 and CEO in 2019.<\/p>\n<p>The new Chairman confirms his commitment to the future of both companies by following the business model advocated by his predecessor, focused heavily on exports in an effort to maintain and enhance this strategic line as a basis for business expansion, positioning the companies as specialists and strategic partners to clients. <strong>Krustagroup offers comprehensive support in all phases of product marketing, from capture to final sale<\/strong>, providing ad hoc solutions for the supply of seafood products to each specific client and market, with high added value, ensuring the utmost quality standards, in addition to providing industry advice based on the company\u2019s 50+ years of experience in the fishing sector.<\/p>\n<p>&nbsp;<\/p>\n","protected":false},"excerpt":{"rendered":"<p>The appointment guarantees stability and a consistent line of business for the Group in the long term <\/p>\n","protected":false},"author":26,"featured_media":8326,"comment_status":"open","ping_status":"open","sticky":false,"template":"","format":"standard","meta":{"inline_featured_image":false,"_glsr_average":0,"_glsr_ranking":0,"_glsr_reviews":0,"footnotes":""},"categories":[481,530],"tags":[485,509,510,534,542],"class_list":["post-8333","post","type-post","status-publish","format-standard","has-post-thumbnail","hentry","category-comunicactions","category-comunicado-oficial-en","tag-krustagroup","tag-amador-suarez-en","tag-grupo-amasua-en","tag-elias-suarez-garmendia-en","tag-new-chairman"],"yoast_head":"<!-- This site is optimized with the Yoast SEO plugin v23.6 - https:\/\/yoast.com\/wordpress\/plugins\/seo\/ -->\n<title>El\u00edas Su\u00e1rez Garmendia, new Chairman of Grupo Amasua S.A. and Krustagroup S.A.U. - Marisco y Pescado Salvaje - Grand Krust<\/title>\n<meta name=\"description\" content=\"The appointment guarantees stability and a consistent line of business for the Group in the long term\" \/>\n<meta name=\"robots\" content=\"index, follow, max-snippet:-1, max-image-preview:large, max-video-preview:-1\" \/>\n<link rel=\"canonical\" href=\"https:\/\/www.grandkrust.com\/en\/elias-suarez-garmendia-new-chairman-grupo-amasua-y-krustagroup\" \/>\n<meta property=\"og:locale\" content=\"en_US\" \/>\n<meta property=\"og:type\" content=\"article\" \/>\n<meta property=\"og:title\" content=\"El\u00edas Su\u00e1rez Garmendia, new Chairman of Grupo Amasua S.A. and Krustagroup S.A.U. - Marisco y Pescado Salvaje - Grand Krust\" \/>\n<meta property=\"og:description\" content=\"The appointment guarantees stability and a consistent line of business for the Group in the long term\" \/>\n<meta property=\"og:url\" content=\"https:\/\/www.grandkrust.com\/en\/elias-suarez-garmendia-new-chairman-grupo-amasua-y-krustagroup\" \/>\n<meta property=\"og:site_name\" content=\"Marisco y Pescado Salvaje - Grand Krust\" \/>\n<meta property=\"article:published_time\" content=\"2020-07-06T07:03:00+00:00\" \/>\n<meta property=\"article:modified_time\" content=\"2020-07-06T07:09:26+00:00\" \/>\n<meta property=\"og:image\" content=\"https:\/\/www.grandkrust.com\/wp-content\/uploads\/2020\/07\/20190508_113843_2-e1594019291294.jpeg\" \/>\n\t<meta property=\"og:image:width\" content=\"1002\" \/>\n\t<meta property=\"og:image:height\" content=\"675\" \/>\n\t<meta property=\"og:image:type\" content=\"image\/jpeg\" \/>\n<meta name=\"author\" content=\"Nuria\" \/>\n<meta name=\"twitter:card\" content=\"summary_large_image\" \/>\n<meta name=\"twitter:label1\" content=\"Written by\" \/>\n\t<meta name=\"twitter:data1\" content=\"Nuria\" \/>\n\t<meta name=\"twitter:label2\" content=\"Est. reading time\" \/>\n\t<meta name=\"twitter:data2\" content=\"2 minutes\" \/>\n<script type=\"application\/ld+json\" class=\"yoast-schema-graph\">{\"@context\":\"https:\/\/schema.org\",\"@graph\":[{\"@type\":\"Article\",\"@id\":\"https:\/\/www.grandkrust.com\/en\/elias-suarez-garmendia-new-chairman-grupo-amasua-y-krustagroup#article\",\"isPartOf\":{\"@id\":\"https:\/\/www.grandkrust.com\/en\/elias-suarez-garmendia-new-chairman-grupo-amasua-y-krustagroup\"},\"author\":{\"name\":\"Nuria\",\"@id\":\"https:\/\/www.grandkrust.com\/en\/#\/schema\/person\/032a339b670b2ee42e2e8a8c589ecafc\"},\"headline\":\"El\u00edas Su\u00e1rez Garmendia, new Chairman of Grupo Amasua S.A. and Krustagroup S.A.U.\",\"datePublished\":\"2020-07-06T07:03:00+00:00\",\"dateModified\":\"2020-07-06T07:09:26+00:00\",\"mainEntityOfPage\":{\"@id\":\"https:\/\/www.grandkrust.com\/en\/elias-suarez-garmendia-new-chairman-grupo-amasua-y-krustagroup\"},\"wordCount\":335,\"commentCount\":0,\"publisher\":{\"@id\":\"https:\/\/www.grandkrust.com\/en\/#organization\"},\"image\":{\"@id\":\"https:\/\/www.grandkrust.com\/en\/elias-suarez-garmendia-new-chairman-grupo-amasua-y-krustagroup#primaryimage\"},\"thumbnailUrl\":\"https:\/\/www.grandkrust.com\/wp-content\/uploads\/2020\/07\/20190508_113843_2-e1594019291294.jpeg\",\"keywords\":[\"Krustagroup\",\"Amador Su\u00e1rez\",\"Grupo Amasua\",\"El\u00edas Su\u00e1rez Garmendia\",\"New Chairman\"],\"articleSection\":[\"Comunicactions\",\"Comunicado Oficial\"],\"inLanguage\":\"en-US\",\"potentialAction\":[{\"@type\":\"CommentAction\",\"name\":\"Comment\",\"target\":[\"https:\/\/www.grandkrust.com\/en\/elias-suarez-garmendia-new-chairman-grupo-amasua-y-krustagroup#respond\"]}]},{\"@type\":\"WebPage\",\"@id\":\"https:\/\/www.grandkrust.com\/en\/elias-suarez-garmendia-new-chairman-grupo-amasua-y-krustagroup\",\"url\":\"https:\/\/www.grandkrust.com\/en\/elias-suarez-garmendia-new-chairman-grupo-amasua-y-krustagroup\",\"name\":\"El\u00edas Su\u00e1rez Garmendia, new Chairman of Grupo Amasua S.A. and Krustagroup S.A.U. - Marisco y Pescado Salvaje - Grand Krust\",\"isPartOf\":{\"@id\":\"https:\/\/www.grandkrust.com\/en\/#website\"},\"primaryImageOfPage\":{\"@id\":\"https:\/\/www.grandkrust.com\/en\/elias-suarez-garmendia-new-chairman-grupo-amasua-y-krustagroup#primaryimage\"},\"image\":{\"@id\":\"https:\/\/www.grandkrust.com\/en\/elias-suarez-garmendia-new-chairman-grupo-amasua-y-krustagroup#primaryimage\"},\"thumbnailUrl\":\"https:\/\/www.grandkrust.com\/wp-content\/uploads\/2020\/07\/20190508_113843_2-e1594019291294.jpeg\",\"datePublished\":\"2020-07-06T07:03:00+00:00\",\"dateModified\":\"2020-07-06T07:09:26+00:00\",\"description\":\"The appointment guarantees stability and a consistent line of business for the Group in the long term\",\"breadcrumb\":{\"@id\":\"https:\/\/www.grandkrust.com\/en\/elias-suarez-garmendia-new-chairman-grupo-amasua-y-krustagroup#breadcrumb\"},\"inLanguage\":\"en-US\",\"potentialAction\":[{\"@type\":\"ReadAction\",\"target\":[\"https:\/\/www.grandkrust.com\/en\/elias-suarez-garmendia-new-chairman-grupo-amasua-y-krustagroup\"]}]},{\"@type\":\"ImageObject\",\"inLanguage\":\"en-US\",\"@id\":\"https:\/\/www.grandkrust.com\/en\/elias-suarez-garmendia-new-chairman-grupo-amasua-y-krustagroup#primaryimage\",\"url\":\"https:\/\/www.grandkrust.com\/wp-content\/uploads\/2020\/07\/20190508_113843_2-e1594019291294.jpeg\",\"contentUrl\":\"https:\/\/www.grandkrust.com\/wp-content\/uploads\/2020\/07\/20190508_113843_2-e1594019291294.jpeg\",\"width\":1002,\"height\":675,\"caption\":\"El\u00edas Su\u00e1rez Garmendia en la pasada edici\u00f3n Seafood Expo Global 2019\"},{\"@type\":\"BreadcrumbList\",\"@id\":\"https:\/\/www.grandkrust.com\/en\/elias-suarez-garmendia-new-chairman-grupo-amasua-y-krustagroup#breadcrumb\",\"itemListElement\":[{\"@type\":\"ListItem\",\"position\":1,\"name\":\"Portada\",\"item\":\"https:\/\/www.grandkrust.com\/en\"},{\"@type\":\"ListItem\",\"position\":2,\"name\":\"El\u00edas Su\u00e1rez Garmendia, new Chairman of Grupo Amasua S.A. and Krustagroup S.A.U.\"}]},{\"@type\":\"WebSite\",\"@id\":\"https:\/\/www.grandkrust.com\/en\/#website\",\"url\":\"https:\/\/www.grandkrust.com\/en\/\",\"name\":\"Marisco y Pescado Salvaje - Grand Krust\",\"description\":\"\",\"publisher\":{\"@id\":\"https:\/\/www.grandkrust.com\/en\/#organization\"},\"potentialAction\":[{\"@type\":\"SearchAction\",\"target\":{\"@type\":\"EntryPoint\",\"urlTemplate\":\"https:\/\/www.grandkrust.com\/en\/?s={search_term_string}\"},\"query-input\":{\"@type\":\"PropertyValueSpecification\",\"valueRequired\":true,\"valueName\":\"search_term_string\"}}],\"inLanguage\":\"en-US\"},{\"@type\":\"Organization\",\"@id\":\"https:\/\/www.grandkrust.com\/en\/#organization\",\"name\":\"GrandKrust\",\"alternateName\":\"Grand Krust\",\"url\":\"https:\/\/www.grandkrust.com\/en\/\",\"logo\":{\"@type\":\"ImageObject\",\"inLanguage\":\"en-US\",\"@id\":\"https:\/\/www.grandkrust.com\/en\/#\/schema\/logo\/image\/\",\"url\":\"https:\/\/www.grandkrust.com\/wp-content\/uploads\/2024\/09\/cropped-GK_logo-2.jpeg\",\"contentUrl\":\"https:\/\/www.grandkrust.com\/wp-content\/uploads\/2024\/09\/cropped-GK_logo-2.jpeg\",\"width\":512,\"height\":512,\"caption\":\"GrandKrust\"},\"image\":{\"@id\":\"https:\/\/www.grandkrust.com\/en\/#\/schema\/logo\/image\/\"},\"sameAs\":[\"https:\/\/www.instagram.com\/grandkrust\/\",\"https:\/\/www.tiktok.com\/@grandkrust\",\"https:\/\/www.youtube.com\/c\/GrandKrust\"]},{\"@type\":\"Person\",\"@id\":\"https:\/\/www.grandkrust.com\/en\/#\/schema\/person\/032a339b670b2ee42e2e8a8c589ecafc\",\"name\":\"Nuria\",\"image\":{\"@type\":\"ImageObject\",\"inLanguage\":\"en-US\",\"@id\":\"https:\/\/www.grandkrust.com\/en\/#\/schema\/person\/image\/\",\"url\":\"https:\/\/secure.gravatar.com\/avatar\/4b75dd81762def734eba5bdab6ec2444?s=96&d=mm&r=g\",\"contentUrl\":\"https:\/\/secure.gravatar.com\/avatar\/4b75dd81762def734eba5bdab6ec2444?s=96&d=mm&r=g\",\"caption\":\"Nuria\"}}]}<\/script>\n<!-- \/ Yoast SEO plugin. -->","yoast_head_json":{"title":"El\u00edas Su\u00e1rez Garmendia, new Chairman of Grupo Amasua S.A. and Krustagroup S.A.U. - Marisco y Pescado Salvaje - Grand Krust","description":"The appointment guarantees stability and a consistent line of business for the Group in the long term","robots":{"index":"index","follow":"follow","max-snippet":"max-snippet:-1","max-image-preview":"max-image-preview:large","max-video-preview":"max-video-preview:-1"},"canonical":"https:\/\/www.grandkrust.com\/en\/elias-suarez-garmendia-new-chairman-grupo-amasua-y-krustagroup","og_locale":"en_US","og_type":"article","og_title":"El\u00edas Su\u00e1rez Garmendia, new Chairman of Grupo Amasua S.A. and Krustagroup S.A.U. - Marisco y Pescado Salvaje - Grand Krust","og_description":"The appointment guarantees stability and a consistent line of business for the Group in the long term","og_url":"https:\/\/www.grandkrust.com\/en\/elias-suarez-garmendia-new-chairman-grupo-amasua-y-krustagroup","og_site_name":"Marisco y Pescado Salvaje - Grand Krust","article_published_time":"2020-07-06T07:03:00+00:00","article_modified_time":"2020-07-06T07:09:26+00:00","og_image":[{"width":1002,"height":675,"url":"https:\/\/www.grandkrust.com\/wp-content\/uploads\/2020\/07\/20190508_113843_2-e1594019291294.jpeg","type":"image\/jpeg"}],"author":"Nuria","twitter_card":"summary_large_image","twitter_misc":{"Written by":"Nuria","Est. reading time":"2 minutes"},"schema":{"@context":"https:\/\/schema.org","@graph":[{"@type":"Article","@id":"https:\/\/www.grandkrust.com\/en\/elias-suarez-garmendia-new-chairman-grupo-amasua-y-krustagroup#article","isPartOf":{"@id":"https:\/\/www.grandkrust.com\/en\/elias-suarez-garmendia-new-chairman-grupo-amasua-y-krustagroup"},"author":{"name":"Nuria","@id":"https:\/\/www.grandkrust.com\/en\/#\/schema\/person\/032a339b670b2ee42e2e8a8c589ecafc"},"headline":"El\u00edas Su\u00e1rez Garmendia, new Chairman of Grupo Amasua S.A. and Krustagroup S.A.U.","datePublished":"2020-07-06T07:03:00+00:00","dateModified":"2020-07-06T07:09:26+00:00","mainEntityOfPage":{"@id":"https:\/\/www.grandkrust.com\/en\/elias-suarez-garmendia-new-chairman-grupo-amasua-y-krustagroup"},"wordCount":335,"commentCount":0,"publisher":{"@id":"https:\/\/www.grandkrust.com\/en\/#organization"},"image":{"@id":"https:\/\/www.grandkrust.com\/en\/elias-suarez-garmendia-new-chairman-grupo-amasua-y-krustagroup#primaryimage"},"thumbnailUrl":"https:\/\/www.grandkrust.com\/wp-content\/uploads\/2020\/07\/20190508_113843_2-e1594019291294.jpeg","keywords":["Krustagroup","Amador Su\u00e1rez","Grupo Amasua","El\u00edas Su\u00e1rez Garmendia","New Chairman"],"articleSection":["Comunicactions","Comunicado Oficial"],"inLanguage":"en-US","potentialAction":[{"@type":"CommentAction","name":"Comment","target":["https:\/\/www.grandkrust.com\/en\/elias-suarez-garmendia-new-chairman-grupo-amasua-y-krustagroup#respond"]}]},{"@type":"WebPage","@id":"https:\/\/www.grandkrust.com\/en\/elias-suarez-garmendia-new-chairman-grupo-amasua-y-krustagroup","url":"https:\/\/www.grandkrust.com\/en\/elias-suarez-garmendia-new-chairman-grupo-amasua-y-krustagroup","name":"El\u00edas Su\u00e1rez Garmendia, new Chairman of Grupo Amasua S.A. and Krustagroup S.A.U. - Marisco y Pescado Salvaje - Grand Krust","isPartOf":{"@id":"https:\/\/www.grandkrust.com\/en\/#website"},"primaryImageOfPage":{"@id":"https:\/\/www.grandkrust.com\/en\/elias-suarez-garmendia-new-chairman-grupo-amasua-y-krustagroup#primaryimage"},"image":{"@id":"https:\/\/www.grandkrust.com\/en\/elias-suarez-garmendia-new-chairman-grupo-amasua-y-krustagroup#primaryimage"},"thumbnailUrl":"https:\/\/www.grandkrust.com\/wp-content\/uploads\/2020\/07\/20190508_113843_2-e1594019291294.jpeg","datePublished":"2020-07-06T07:03:00+00:00","dateModified":"2020-07-06T07:09:26+00:00","description":"The appointment guarantees stability and a consistent line of business for the Group in the long term","breadcrumb":{"@id":"https:\/\/www.grandkrust.com\/en\/elias-suarez-garmendia-new-chairman-grupo-amasua-y-krustagroup#breadcrumb"},"inLanguage":"en-US","potentialAction":[{"@type":"ReadAction","target":["https:\/\/www.grandkrust.com\/en\/elias-suarez-garmendia-new-chairman-grupo-amasua-y-krustagroup"]}]},{"@type":"ImageObject","inLanguage":"en-US","@id":"https:\/\/www.grandkrust.com\/en\/elias-suarez-garmendia-new-chairman-grupo-amasua-y-krustagroup#primaryimage","url":"https:\/\/www.grandkrust.com\/wp-content\/uploads\/2020\/07\/20190508_113843_2-e1594019291294.jpeg","contentUrl":"https:\/\/www.grandkrust.com\/wp-content\/uploads\/2020\/07\/20190508_113843_2-e1594019291294.jpeg","width":1002,"height":675,"caption":"El\u00edas Su\u00e1rez Garmendia en la pasada edici\u00f3n Seafood Expo Global 2019"},{"@type":"BreadcrumbList","@id":"https:\/\/www.grandkrust.com\/en\/elias-suarez-garmendia-new-chairman-grupo-amasua-y-krustagroup#breadcrumb","itemListElement":[{"@type":"ListItem","position":1,"name":"Portada","item":"https:\/\/www.grandkrust.com\/en"},{"@type":"ListItem","position":2,"name":"El\u00edas Su\u00e1rez Garmendia, new Chairman of Grupo Amasua S.A. and Krustagroup S.A.U."}]},{"@type":"WebSite","@id":"https:\/\/www.grandkrust.com\/en\/#website","url":"https:\/\/www.grandkrust.com\/en\/","name":"Marisco y Pescado Salvaje - Grand Krust","description":"","publisher":{"@id":"https:\/\/www.grandkrust.com\/en\/#organization"},"potentialAction":[{"@type":"SearchAction","target":{"@type":"EntryPoint","urlTemplate":"https:\/\/www.grandkrust.com\/en\/?s={search_term_string}"},"query-input":{"@type":"PropertyValueSpecification","valueRequired":true,"valueName":"search_term_string"}}],"inLanguage":"en-US"},{"@type":"Organization","@id":"https:\/\/www.grandkrust.com\/en\/#organization","name":"GrandKrust","alternateName":"Grand Krust","url":"https:\/\/www.grandkrust.com\/en\/","logo":{"@type":"ImageObject","inLanguage":"en-US","@id":"https:\/\/www.grandkrust.com\/en\/#\/schema\/logo\/image\/","url":"https:\/\/www.grandkrust.com\/wp-content\/uploads\/2024\/09\/cropped-GK_logo-2.jpeg","contentUrl":"https:\/\/www.grandkrust.com\/wp-content\/uploads\/2024\/09\/cropped-GK_logo-2.jpeg","width":512,"height":512,"caption":"GrandKrust"},"image":{"@id":"https:\/\/www.grandkrust.com\/en\/#\/schema\/logo\/image\/"},"sameAs":["https:\/\/www.instagram.com\/grandkrust\/","https:\/\/www.tiktok.com\/@grandkrust","https:\/\/www.youtube.com\/c\/GrandKrust"]},{"@type":"Person","@id":"https:\/\/www.grandkrust.com\/en\/#\/schema\/person\/032a339b670b2ee42e2e8a8c589ecafc","name":"Nuria","image":{"@type":"ImageObject","inLanguage":"en-US","@id":"https:\/\/www.grandkrust.com\/en\/#\/schema\/person\/image\/","url":"https:\/\/secure.gravatar.com\/avatar\/4b75dd81762def734eba5bdab6ec2444?s=96&d=mm&r=g","contentUrl":"https:\/\/secure.gravatar.com\/avatar\/4b75dd81762def734eba5bdab6ec2444?s=96&d=mm&r=g","caption":"Nuria"}}]}},"_links":{"self":[{"href":"https:\/\/www.grandkrust.com\/en\/wp-json\/wp\/v2\/posts\/8333"}],"collection":[{"href":"https:\/\/www.grandkrust.com\/en\/wp-json\/wp\/v2\/posts"}],"about":[{"href":"https:\/\/www.grandkrust.com\/en\/wp-json\/wp\/v2\/types\/post"}],"author":[{"embeddable":true,"href":"https:\/\/www.grandkrust.com\/en\/wp-json\/wp\/v2\/users\/26"}],"replies":[{"embeddable":true,"href":"https:\/\/www.grandkrust.com\/en\/wp-json\/wp\/v2\/comments?post=8333"}],"version-history":[{"count":3,"href":"https:\/\/www.grandkrust.com\/en\/wp-json\/wp\/v2\/posts\/8333\/revisions"}],"predecessor-version":[{"id":8338,"href":"https:\/\/www.grandkrust.com\/en\/wp-json\/wp\/v2\/posts\/8333\/revisions\/8338"}],"wp:featuredmedia":[{"embeddable":true,"href":"https:\/\/www.grandkrust.com\/en\/wp-json\/wp\/v2\/media\/8326"}],"wp:attachment":[{"href":"https:\/\/www.grandkrust.com\/en\/wp-json\/wp\/v2\/media?parent=8333"}],"wp:term":[{"taxonomy":"category","embeddable":true,"href":"https:\/\/www.grandkrust.com\/en\/wp-json\/wp\/v2\/categories?post=8333"},{"taxonomy":"post_tag","embeddable":true,"href":"https:\/\/www.grandkrust.com\/en\/wp-json\/wp\/v2\/tags?post=8333"}],"curies":[{"name":"wp","href":"https:\/\/api.w.org\/{rel}","templated":true}]}}